{"id":153,"global_id":"ekiz-kirchdorf.at?id=153","global_id_lineage":["ekiz-kirchdorf.at?id=153"],"author":"2","status":"publish","date":"2026-02-26 11:25:16","date_utc":"2026-02-26 11:25:16","modified":"2026-03-11 10:04:01","modified_utc":"2026-03-11 10:04:01","url":"https:\/\/ekiz-kirchdorf.at\/?tribe_events=fotoshooting-im-gruenen","rest_url":"https:\/\/ekiz-kirchdorf.at\/index.php?rest_route=\/tribe\/events\/v1\/events\/153","title":"Fotoshooting im Gr\u00fcnen","description":"<p>Nutzt die Gelegenheit, eure Kinder oder auch die ganze Familie unter freiem Himmel, in idyllischer Atmosph\u00e4re fotografieren zu lassen. Ein Set besteht aus 3 Fotos 13&#215;18 cm oder 2 Fotos digital. Ihr k\u00f6nnt aus allen Bildern die sch\u00f6nsten f\u00fcr euer Set ausw\u00e4hlen. Gr\u00f6\u00dfen\u00e4nderungen und weitere Bilder sind auf Wunsch m\u00f6glich.<br \/>\nBabys sollten bereits in der Lage sein mit Hilfe \/ St\u00fctze zu sitzen!<\/p>\n<p><strong>Leitung: Ines Lettmayer, Fotografin<\/strong><\/p>\n<p><strong>Donnerstag, 07. Mai 2026, 14:00 &#8211; 17:00 Uhr<\/strong><br \/>\n(15 min. pro Termin\/Familie)<\/p>\n<p>Veranstaltungsort: wird noch bekannt gegeben<\/p>\n<p>Beitrag: \u20ac 35,00 f\u00fcr 2 Fotos digital oder 1 Set<\/p>\n<p><em>Anmeldung erforderlich bis 30. April 2026<\/em><\/p>\n<p>Bei Schlechtwetter: Ersatztermin 12. Mai 2026<\/p>","excerpt":"","slug":"fotoshooting-im-gruenen","image":{"url":"https:\/\/ekiz-kirchdorf.at\/wp-content\/uploads\/2026\/03\/DSC_7908-scaled-e1773223140299.jpg","id":178,"extension":"jpg","width":400,"height":599,"filesize":47666,"sizes":{"medium":{"width":200,"height":300,"mime-type":"image\/jpeg","filesize":28501,"url":"https:\/\/ekiz-kirchdorf.at\/wp-content\/uploads\/2026\/03\/DSC_7908-200x300.jpg"},"large":{"width":684,"height":1024,"mime-type":"image\/jpeg","filesize":83998,"url":"https:\/\/ekiz-kirchdorf.at\/wp-content\/uploads\/2026\/03\/DSC_7908-684x1024.jpg"},"thumbnail":{"width":150,"height":150,"mime-type":"image\/jpeg","filesize":22469,"url":"https:\/\/ekiz-kirchdorf.at\/wp-content\/uploads\/2026\/03\/DSC_7908-150x150.jpg"},"medium_large":{"width":768,"height":1150,"mime-type":"image\/jpeg","filesize":96436,"url":"https:\/\/ekiz-kirchdorf.at\/wp-content\/uploads\/2026\/03\/DSC_7908-768x1150.jpg"},"1536x1536":{"width":1025,"height":1536,"mime-type":"image\/jpeg","filesize":140012,"url":"https:\/\/ekiz-kirchdorf.at\/wp-content\/uploads\/2026\/03\/DSC_7908-1025x1536.jpg"},"2048x2048":{"width":1367,"height":2048,"mime-type":"image\/jpeg","filesize":206473,"url":"https:\/\/ekiz-kirchdorf.at\/wp-content\/uploads\/2026\/03\/DSC_7908-1367x2048.jpg"},"neve-blog":{"width":930,"height":620,"mime-type":"image\/jpeg","filesize":65760,"url":"https:\/\/ekiz-kirchdorf.at\/wp-content\/uploads\/2026\/03\/DSC_7908-930x620.jpg"}},"original_image":"DSC_7908.jpg"},"all_day":false,"start_date":"2026-05-07 14:00:00","start_date_details":{"year":"2026","month":"05","day":"07","hour":"14","minutes":"00","seconds":"00"},"end_date":"2026-05-07 17:00:00","end_date_details":{"year":"2026","month":"05","day":"07","hour":"17","minutes":"00","seconds":"00"},"utc_start_date":"2026-05-07 14:00:00","utc_start_date_details":{"year":"2026","month":"05","day":"07","hour":"14","minutes":"00","seconds":"00"},"utc_end_date":"2026-05-07 17:00:00","utc_end_date_details":{"year":"2026","month":"05","day":"07","hour":"17","minutes":"00","seconds":"00"},"timezone":"UTC+0","timezone_abbr":"UTC+0","cost":"","cost_details":{"currency_symbol":"\u20ac","currency_code":"EUR","currency_position":"prefix","values":[]},"website":"","show_map":true,"show_map_link":true,"hide_from_listings":false,"sticky":false,"featured":false,"categories":[{"name":"Kunterbuntes","slug":"kunterbuntes","term_group":0,"term_taxonomy_id":9,"taxonomy":"tribe_events_cat","description":"","parent":0,"count":2,"filter":"raw","id":9,"urls":{"self":"https:\/\/ekiz-kirchdorf.at\/index.php?rest_route=\/tribe\/events\/v1\/categories\/9","collection":"https:\/\/ekiz-kirchdorf.at\/index.php?rest_route=\/tribe\/events\/v1\/categories"}}],"tags":[],"venue":[],"organizer":[{"id":33,"author":"2","status":"publish","date":"2026-02-25 08:42:26","date_utc":"0000-00-00 00:00:00","modified":"2026-02-25 08:42:26","modified_utc":"0000-00-00 00:00:00","url":"https:\/\/ekiz-kirchdorf.at\/?tribe_organizer=eltern-kind-zentrum-brummkreisel","organizer":"Eltern-Kind-Zentrum &#8222;Brummkreisel&#8220;","slug":"eltern-kind-zentrum-brummkreisel","phone":"07582\/51870","website":"www.ekiz-kirchdorf.at","email":"info@ekiz-kirchdorf.at","json_ld":{"@type":"Person","name":"Eltern-Kind-Zentrum &#8222;Brummkreisel&#8220;","description":"","url":"http:\/\/www.ekiz-kirchdorf.at","telephone":"07582\/51870","email":"in&#102;o&#64;ek&#105;&#122;-&#107;ir&#99;hd&#111;r&#102;.&#97;&#116;","sameAs":"http:\/\/www.ekiz-kirchdorf.at"},"global_id":"ekiz-kirchdorf.at?id=33","global_id_lineage":["ekiz-kirchdorf.at?id=33"]}],"custom_fields":[],"json_ld":{"@context":"http:\/\/schema.org","@type":"Event","name":"Fotoshooting im Gr\u00fcnen","description":"&lt;p&gt;Nutzt die Gelegenheit, eure Kinder oder auch die ganze Familie unter freiem Himmel, in idyllischer Atmosph\u00e4re fotografieren zu lassen. Ein Set besteht aus 3 Fotos 13x18 cm oder 2 Fotos&hellip;&nbsp;&lt;a href=&quot;https:\/\/ekiz-kirchdorf.at\/?tribe_events=fotoshooting-im-gruenen&quot; rel=&quot;bookmark&quot;&gt;&lt;span class=&quot;screen-reader-text&quot;&gt;Fotoshooting im Gr\u00fcnen&lt;\/span&gt;&lt;\/a&gt;&lt;\/p&gt;\\n","image":"https:\/\/ekiz-kirchdorf.at\/wp-content\/uploads\/2026\/03\/DSC_7908-scaled-e1773223140299.jpg","url":"https:\/\/ekiz-kirchdorf.at\/?tribe_events=fotoshooting-im-gruenen","eventAttendanceMode":"https:\/\/schema.org\/OfflineEventAttendanceMode","eventStatus":"https:\/\/schema.org\/EventScheduled","startDate":"2026-05-07T14:00:00+00:00","endDate":"2026-05-07T17:00:00+00:00","organizer":{"@type":"Person","name":"Eltern-Kind-Zentrum &#8222;Brummkreisel&#8220;","description":"","url":"http:\/\/www.ekiz-kirchdorf.at","telephone":"07582\/51870","email":"&#105;nf&#111;&#64;&#101;kiz&#45;&#107;irchdo&#114;f.at","sameAs":"http:\/\/www.ekiz-kirchdorf.at"},"performer":"Organization"}}